{"id":4700,"date":"2021-02-22T22:36:42","date_gmt":"2021-02-22T21:36:42","guid":{"rendered":"http:\/\/www.piotrp.com.pl\/example.com\/?p=4700"},"modified":"2021-02-22T22:36:42","modified_gmt":"2021-02-22T21:36:42","slug":"grzbiet-kamieniecki-gory-izerskie-06-09-2020","status":"publish","type":"post","link":"https:\/\/www.piotrp.com.pl\/example.com\/2021\/02\/22\/grzbiet-kamieniecki-gory-izerskie-06-09-2020\/","title":{"rendered":"Grzbiet Kamieniecki &#8211; G\u00f3ry Izerskie &#8211; 06.09.2020"},"content":{"rendered":"<p>Od bardzo dawna chcieli\u015bmy z Dorotk\u0105 przej\u015b\u0107 ca\u0142y Grzbiet Kamienicki. Problem polega\u0142 na tym, \u017ce\u00a0 nie mogli\u015bmy znale\u017a\u0107 w godzinach rannych po\u0142\u0105czenia z Piechowic do \u015awieradowa lub odwrotnie. Godziny w jakich je\u017adzi &#8222;uboga&#8221; komunikacja miejska mi\u0119dzy tymi miasteczkami ni jak nam nie pasowa\u0142y. Dopiero, gdy na jednym ze wsp\u00f3lnych wypad\u00f3w zaproponowali\u015bmy Robertowi przej\u015bcie wspomnianego grzbietu nasza wycieczka dosz\u0142a do skutku. W niedzielny wrze\u015bniowy poranek spotykamy si\u0119 z Robsonem w Piechowicach. Zostawiamy jeden samoch\u00f3d na parkingu przy hucie szk\u0142a Julia. Drugim jedziemy do \u015awieradowa-Zdr\u00f3j. Dawne Bad Flinsberg po\u0142o\u017cone jest w dolinie rzeki Kwisy u podn\u00f3\u017ca G\u00f3r Izerskich pomi\u0119dzy Grzbietem Wysokim, a Grzbietem Kamienickim. Wychodzimy na tras\u0119 z parkingu nieopodal centrum. Nazwa grzbietu po kt\u00f3rym b\u0119dziemy w\u0119drowa\u0107 pochodzi od najwy\u017cszego szczytu w tym pa\u015bmie &#8211; Kamienicy (974 m). Od krzy\u017c\u00f3wki szlak\u00f3w pod\u0105\u017camy za niebieskimi paskami obok stacji kolejowej,<\/p>\n<p><img loading=\"lazy\" decoding=\"async\" class=\"aligncenter size-full wp-image-4443\" src=\"http:\/\/www.piotrp45pl.sisco.pl\/example.com\/wp-content\/uploads\/2020\/10\/9P9062085.jpg\" alt=\"\" width=\"1024\" height=\"768\" srcset=\"https:\/\/www.piotrp.com.pl\/example.com\/wp-content\/uploads\/2020\/10\/9P9062085.jpg 1024w, https:\/\/www.piotrp.com.pl\/example.com\/wp-content\/uploads\/2020\/10\/9P9062085-300x225.jpg 300w, https:\/\/www.piotrp.com.pl\/example.com\/wp-content\/uploads\/2020\/10\/9P9062085-768x576.jpg 768w\" sizes=\"auto, (max-width: 1024px) 100vw, 1024px\" \/><\/p>\n<p>wzd\u0142u\u017c zabudowa\u0144 do granicy lasu. Dalej le\u015bn\u0105 \u015bcie\u017ck\u0105 wspinamy si\u0119 na S\u0119pi\u0105 G\u00f3r\u0119 (828 m). Po drodze mijamy ma\u0142\u0105 kapliczk\u0119, kt\u00f3rej fundatorem jest Jan Kowalczuk. Jak g\u0142osi napis na tabliczce maj\u0105c 12 lat zgubi\u0142 si\u0119 on w tutejszym lesie i dzi\u0119ki modlitwie odnalaz\u0142 drog\u0119 do domu. Po 30 tu latach wr\u00f3ci\u0142 i postawi\u0142 ow\u0105 kapliczk\u0119 w podzi\u0119kowaniu za uratowane \u017cycie.<\/p>\n<p><img loading=\"lazy\" decoding=\"async\" class=\"aligncenter size-full wp-image-4444\" src=\"http:\/\/www.piotrp45pl.sisco.pl\/example.com\/wp-content\/uploads\/2020\/10\/9P9062089.jpg\" alt=\"\" width=\"1024\" height=\"768\" srcset=\"https:\/\/www.piotrp.com.pl\/example.com\/wp-content\/uploads\/2020\/10\/9P9062089.jpg 1024w, https:\/\/www.piotrp.com.pl\/example.com\/wp-content\/uploads\/2020\/10\/9P9062089-300x225.jpg 300w, https:\/\/www.piotrp.com.pl\/example.com\/wp-content\/uploads\/2020\/10\/9P9062089-768x576.jpg 768w\" sizes=\"auto, (max-width: 1024px) 100vw, 1024px\" \/><\/p>\n<p>Podchodzimy na szczyt, gdzie znajduje si\u0119 grupa ska\u0142 zw. Bia\u0142y Kamie\u0144, kt\u00f3re wznosz\u0105 si\u0119 ponad korony drzew. Ska\u0142y swoj\u0105 nazw\u0119\u00a0 zawdzi\u0119czaj\u0105 du\u017cej ilo\u015bci zawartego w nich \u00a0kwarcu i s\u0105 wspania\u0142ym punktem widokowym. Rozleg\u0142a panorama jaka roztacza si\u0119 z nich obejmuje m in. St\u00f3g Izerski, Karkonosze i G\u00f3ry \u0141u\u017cyckie i powstaj\u0105c\u0105 w \u015awieradowie \u015bcie\u017ck\u0119 ponad drzewami.<\/p>\n<p><img loading=\"lazy\" decoding=\"async\" class=\"aligncenter size-full wp-image-4446\" src=\"http:\/\/www.piotrp45pl.sisco.pl\/example.com\/wp-content\/uploads\/2020\/10\/9P9062096.jpg\" alt=\"\" width=\"1024\" height=\"768\" srcset=\"https:\/\/www.piotrp.com.pl\/example.com\/wp-content\/uploads\/2020\/10\/9P9062096.jpg 1024w, https:\/\/www.piotrp.com.pl\/example.com\/wp-content\/uploads\/2020\/10\/9P9062096-300x225.jpg 300w, https:\/\/www.piotrp.com.pl\/example.com\/wp-content\/uploads\/2020\/10\/9P9062096-768x576.jpg 768w\" sizes=\"auto, (max-width: 1024px) 100vw, 1024px\" \/><\/p>\n<p><img loading=\"lazy\" decoding=\"async\" class=\"aligncenter size-full wp-image-4447\" src=\"http:\/\/www.piotrp45pl.sisco.pl\/example.com\/wp-content\/uploads\/2020\/10\/9P9062103.jpg\" alt=\"\" width=\"1024\" height=\"768\" srcset=\"https:\/\/www.piotrp.com.pl\/example.com\/wp-content\/uploads\/2020\/10\/9P9062103.jpg 1024w, https:\/\/www.piotrp.com.pl\/example.com\/wp-content\/uploads\/2020\/10\/9P9062103-300x225.jpg 300w, https:\/\/www.piotrp.com.pl\/example.com\/wp-content\/uploads\/2020\/10\/9P9062103-768x576.jpg 768w\" sizes=\"auto, (max-width: 1024px) 100vw, 1024px\" \/><\/p>\n<p><img loading=\"lazy\" decoding=\"async\" class=\"aligncenter size-full wp-image-4448\" src=\"http:\/\/www.piotrp45pl.sisco.pl\/example.com\/wp-content\/uploads\/2020\/10\/9P9062106.jpg\" alt=\"\" width=\"1024\" height=\"768\" srcset=\"https:\/\/www.piotrp.com.pl\/example.com\/wp-content\/uploads\/2020\/10\/9P9062106.jpg 1024w, https:\/\/www.piotrp.com.pl\/example.com\/wp-content\/uploads\/2020\/10\/9P9062106-300x225.jpg 300w, https:\/\/www.piotrp.com.pl\/example.com\/wp-content\/uploads\/2020\/10\/9P9062106-768x576.jpg 768w\" sizes=\"auto, (max-width: 1024px) 100vw, 1024px\" \/><\/p>\n<p>Z miejscem tym wi\u0105\u017ce si\u0119 kilka legend. Jedna z nich m\u00f3wi, \u017ce znajdowa\u0142a si\u0119 tu \u015bwi\u0105tynia chram i \u015bwi\u0119ty gaj. W og\u00f3le Grzbiet Kamienicki jest do\u015b\u0107 ciekawym i tajemniczym pasmem, szczeg\u00f3lnie jego \u015brodkowa cz\u0119\u015b\u0107. Schowane cz\u0119sto w g\u0119stwinach lasu pozosta\u0142o\u015bci po niemieckich budowlach takich jak np. my\u015bliwskie domki, Bycza Chata, poga\u0144ska kaplica czy Wolframowe \u017ar\u00f3de\u0142ko, m\u00f3wi\u0105 wiele o zagospodarowaniu i historii tego miejsca. Ciemny W\u0105d\u00f3\u0142 (zalesiona dolina) skrywa wiele tajemnic. Jest to temat na nast\u0119pn\u0105 wycieczk\u0119, kt\u00f3r\u0105 na pewno opiszemy. Wracamy do naszego w\u0119drowania. Na g\u00f3rze obok ska\u0142 jest niewielka wiata, gdzie mo\u017cna schowa\u0107 si\u0119 np. od deszczu. My trafili\u015bmy na dw\u00f3ch m\u0142odych m\u0119\u017cczyzn, kt\u00f3rzy rozbili sobie tu biwak. W\u0142a\u015bnie pakowali plecaki i pili porann\u0105 kaw\u0119. Po mi\u0142ej rozmowie do kt\u00f3rej do\u0142\u0105czy\u0142 si\u0119 jeszcze jeden piechur (jak si\u0119 p\u00f3\u017aniej oka\u017ce mieli\u015bmy wsp\u00f3lny cel) i \u00a0zrobieniu fotek pod\u0105\u017camy za niebieskimi znakami do Rozdro\u017ca Izerskiego. Szlak prowadzi delikatnie w d\u00f3\u0142 i przechodzi ma\u0142o zauwa\u017caln\u0105 Wysok\u0105 (811 m). Idziemy w kierunku po\u0142udniowo-wschodnim le\u015bnym duktem. Z prawej strony ods\u0142ania si\u0119 widok na Wysok\u0105 Kop\u0119 i Izerskie Garby z kamienio\u0142omem &#8222;Stanis\u0142aw&#8221;.<\/p>\n<p><img loading=\"lazy\" decoding=\"async\" class=\"aligncenter size-full wp-image-4450\" src=\"http:\/\/www.piotrp45pl.sisco.pl\/example.com\/wp-content\/uploads\/2020\/10\/9P9062110.jpg\" alt=\"\" width=\"1024\" height=\"768\" srcset=\"https:\/\/www.piotrp.com.pl\/example.com\/wp-content\/uploads\/2020\/10\/9P9062110.jpg 1024w, https:\/\/www.piotrp.com.pl\/example.com\/wp-content\/uploads\/2020\/10\/9P9062110-300x225.jpg 300w, https:\/\/www.piotrp.com.pl\/example.com\/wp-content\/uploads\/2020\/10\/9P9062110-768x576.jpg 768w\" sizes=\"auto, (max-width: 1024px) 100vw, 1024px\" \/><\/p>\n<p>Le\u015bna droga, kt\u00f3ra teraz delikatnie obni\u017ca si\u0119 doprowadza nas do rozdro\u017ca. Na rozleg\u0142ym siodle (767 m) znajduje si\u0119 w\u0119ze\u0142 szlak\u00f3w turystycznych, ma\u0142a wiata, parking dla samochod\u00f3w i skrzy\u017cowanie dr\u00f3g \u0142\u0105cz\u0105cych Wysoki Grzbiet i Grzbiet Kamienicki.<\/p>\n<p><img loading=\"lazy\" decoding=\"async\" class=\"aligncenter size-full wp-image-4451\" src=\"http:\/\/www.piotrp45pl.sisco.pl\/example.com\/wp-content\/uploads\/2020\/10\/9P9062118.jpg\" alt=\"\" width=\"768\" height=\"1024\" srcset=\"https:\/\/www.piotrp.com.pl\/example.com\/wp-content\/uploads\/2020\/10\/9P9062118.jpg 768w, https:\/\/www.piotrp.com.pl\/example.com\/wp-content\/uploads\/2020\/10\/9P9062118-225x300.jpg 225w\" sizes=\"auto, (max-width: 768px) 100vw, 768px\" \/><\/p>\n<p>Dawno temu sta\u0142o tu schronisko Ludwigsbaude, kt\u00f3re spali\u0142o si\u0119 w 1912 r. Odbudowane czynne by\u0142o jeszcze po II wojnie \u015bw. jako Le\u015bna Chata.<\/p>\n<p><img loading=\"lazy\" decoding=\"async\" class=\"aligncenter size-full wp-image-4467\" src=\"http:\/\/www.piotrp45pl.sisco.pl\/example.com\/wp-content\/uploads\/2020\/10\/art_1130_3282ludwings.jpg\" alt=\"\" width=\"875\" height=\"551\" srcset=\"https:\/\/www.piotrp.com.pl\/example.com\/wp-content\/uploads\/2020\/10\/art_1130_3282ludwings.jpg 875w, https:\/\/www.piotrp.com.pl\/example.com\/wp-content\/uploads\/2020\/10\/art_1130_3282ludwings-300x189.jpg 300w, https:\/\/www.piotrp.com.pl\/example.com\/wp-content\/uploads\/2020\/10\/art_1130_3282ludwings-768x484.jpg 768w\" sizes=\"auto, (max-width: 875px) 100vw, 875px\" \/><\/p>\n<p>Nast\u0119pnie przekszta\u0142cone zosta\u0142o w prewentorium gru\u017alicze dla dzieci. Z czasem by\u0142 te\u017c tu hotel robotniczy dla drwali. Budynek od ko\u0144ca XX wieku sta\u0142 opuszczony i niszcza\u0142. W 2008 r. obiekt naby\u0142 prywatny inwestor, kt\u00f3ry nic z nim nie zrobi\u0142. W 2013 r Le\u015bna Chata zosta\u0142a rozebrana. Szkoda bo miejsce z histori\u0105, a i lokalizacja np. schroniska by\u0142a by doskona\u0142a. Zawsze jak przeje\u017cd\u017cali\u015bmy, lub przechodzili\u015bmy ko\u0142o niego zastanawiali\u015bmy si\u0119 nad tym, dlaczego nic tu si\u0119 nie dzieje. Turyst\u00f3w na pewno by nie brakowa\u0142o. Teraz zosta\u0142y tylko stare poczt\u00f3wki, kt\u00f3re pokazuj\u0105 jak kiedy\u015b wygl\u0105da\u0142o to miejsce. Przysiadamy na chwil\u0119 na \u0142awkach, zjadamy kanapki i \u00a0prowadzimy mi\u0142\u0105 konwersacj\u0119 z panem poznanym przy Bia\u0142ym Kamieniu. Pan (jak dobrze pami\u0119tam) Andrzej w\u0119druje szlakiem d\u0142ugodystansowym E-3. Trafili\u015bmy na \u0142adn\u0105 pogod\u0119, czego skutkiem by\u0142a du\u017ca ilo\u015b\u0107 grzybiarzy, kt\u00f3rzy z koszykami, wiaderkami, a i z reklam\u00f3wkami te\u017c przemierzali le\u015bne knieje. Parking na rozdro\u017cu przepe\u0142niony. Po kilkunastu minutach zbieramy si\u0119 do dalszej drogi.<\/p>\n<p><img loading=\"lazy\" decoding=\"async\" class=\"aligncenter size-full wp-image-4452\" src=\"http:\/\/www.piotrp45pl.sisco.pl\/example.com\/wp-content\/uploads\/2020\/10\/9P9062123.jpg\" alt=\"\" width=\"1024\" height=\"768\" srcset=\"https:\/\/www.piotrp.com.pl\/example.com\/wp-content\/uploads\/2020\/10\/9P9062123.jpg 1024w, https:\/\/www.piotrp.com.pl\/example.com\/wp-content\/uploads\/2020\/10\/9P9062123-300x225.jpg 300w, https:\/\/www.piotrp.com.pl\/example.com\/wp-content\/uploads\/2020\/10\/9P9062123-768x576.jpg 768w\" sizes=\"auto, (max-width: 1024px) 100vw, 1024px\" \/><\/p>\n<p>Maszerujemy teraz w stron\u0119 Bobrowych Ska\u0142. Z Robertem fajnie nam si\u0119 chodzi, dobry piechur na d\u0142ugie trasy, a i towarzysz do rozm\u00f3w z niego przedni. Tak wi\u0119c drepczemy le\u015bnym duktem, asfaltem by ponownie wej\u015b\u0107 w g\u0119stwiny lasu. Kolejnym miejscem, gdzie na chwil\u0119 przystajemy jest Babia Prze\u0142\u0119cz (647 m). Rozleg\u0142a le\u015bna krzy\u017c\u00f3wka zwana jest te\u017c Polan\u0105 Czarownic &#8211; Hexenplatz.<\/p>\n<p>W dawnych wierzeniach roztaje dr\u00f3g okre\u015blane by\u0142y, jako miejsca szczeg\u00f3lnej mocy, w kt\u00f3rych to przebywa\u0142y demony, si\u0142y nieczyste. Cz\u0119sto wi\u0119c dla odczarowania owych miejsc stawiano tam krzy\u017ce i kapliczki. Dokumentujemy polan\u0119, gdzie na \u0142aweczce przysiada w\u0119druj\u0105ca z nami moja &#8222;czarownica&#8221;.<\/p>\n<p><img loading=\"lazy\" decoding=\"async\" class=\"aligncenter size-full wp-image-4456\" src=\"http:\/\/www.piotrp45pl.sisco.pl\/example.com\/wp-content\/uploads\/2020\/10\/9P9062138.jpg\" alt=\"\" width=\"1024\" height=\"768\" srcset=\"https:\/\/www.piotrp.com.pl\/example.com\/wp-content\/uploads\/2020\/10\/9P9062138.jpg 1024w, https:\/\/www.piotrp.com.pl\/example.com\/wp-content\/uploads\/2020\/10\/9P9062138-300x225.jpg 300w, https:\/\/www.piotrp.com.pl\/example.com\/wp-content\/uploads\/2020\/10\/9P9062138-768x576.jpg 768w\" sizes=\"auto, (max-width: 1024px) 100vw, 1024px\" \/><\/p>\n<p>I tu ponownie spotykamy Pana Andrzeja, przy kt\u00f3ry tym razem pojawi\u0142 si\u0119 syn. Trawersujemy teraz stoki Ciemniaka (699 m). Na wschodnim kra\u0144cu Kamienickiego Grzbietu znajduje si\u0119 skalny grzebie\u0144. Bibersteine &#8211; Bobrowe Ska\u0142y osi\u0105gaj\u0105 do 30 m wysoko\u015bci. Szlak prowadzi nas na polank\u0119, gdzie stoi skalny mur. Jedna ze ska\u0142 swoim kszta\u0142tem przypomina kad\u0142ub du\u017cego statku.<\/p>\n<p><img loading=\"lazy\" decoding=\"async\" class=\"aligncenter size-full wp-image-4458\" src=\"http:\/\/www.piotrp45pl.sisco.pl\/example.com\/wp-content\/uploads\/2020\/10\/9P9062145.jpg\" alt=\"\" width=\"1024\" height=\"768\" srcset=\"https:\/\/www.piotrp.com.pl\/example.com\/wp-content\/uploads\/2020\/10\/9P9062145.jpg 1024w, https:\/\/www.piotrp.com.pl\/example.com\/wp-content\/uploads\/2020\/10\/9P9062145-300x225.jpg 300w, https:\/\/www.piotrp.com.pl\/example.com\/wp-content\/uploads\/2020\/10\/9P9062145-768x576.jpg 768w\" sizes=\"auto, (max-width: 1024px) 100vw, 1024px\" \/><\/p>\n<p>Na owej skale znajduje si\u0119 taras widokowy, na kt\u00f3ry prowadz\u0105 metalowe schodki.<\/p>\n<p><img loading=\"lazy\" decoding=\"async\" class=\"aligncenter size-full wp-image-4459\" src=\"http:\/\/www.piotrp45pl.sisco.pl\/example.com\/wp-content\/uploads\/2020\/10\/9P9062148.jpg\" alt=\"\" width=\"768\" height=\"1024\" srcset=\"https:\/\/www.piotrp.com.pl\/example.com\/wp-content\/uploads\/2020\/10\/9P9062148.jpg 768w, https:\/\/www.piotrp.com.pl\/example.com\/wp-content\/uploads\/2020\/10\/9P9062148-225x300.jpg 225w\" sizes=\"auto, (max-width: 768px) 100vw, 768px\" \/><\/p>\n<p>Na g\u00f3rze trzeba zachowa\u0107 ostro\u017cno\u015b\u0107, poniewa\u017c barierki ochronne nie grzesz\u0105 nowo\u015bci\u0105 i s\u0105 uszkodzone. Widok ze ska\u0142 ogarnia m. in. Karkonosze, Kotlin\u0119 Jeleniog\u00f3rsk\u0105, zamek Chojnik.<\/p>\n<p><img loading=\"lazy\" decoding=\"async\" class=\"aligncenter size-full wp-image-4461\" src=\"http:\/\/www.piotrp45pl.sisco.pl\/example.com\/wp-content\/uploads\/2020\/10\/9P9062155.jpg\" alt=\"\" width=\"1024\" height=\"367\" srcset=\"https:\/\/www.piotrp.com.pl\/example.com\/wp-content\/uploads\/2020\/10\/9P9062155.jpg 1024w, https:\/\/www.piotrp.com.pl\/example.com\/wp-content\/uploads\/2020\/10\/9P9062155-300x108.jpg 300w, https:\/\/www.piotrp.com.pl\/example.com\/wp-content\/uploads\/2020\/10\/9P9062155-768x275.jpg 768w\" sizes=\"auto, (max-width: 1024px) 100vw, 1024px\" \/><\/p>\n<p><img loading=\"lazy\" decoding=\"async\" class=\"aligncenter size-full wp-image-4463\" src=\"http:\/\/www.piotrp45pl.sisco.pl\/example.com\/wp-content\/uploads\/2020\/10\/9P9062166.jpg\" alt=\"\" width=\"1024\" height=\"768\" srcset=\"https:\/\/www.piotrp.com.pl\/example.com\/wp-content\/uploads\/2020\/10\/9P9062166.jpg 1024w, https:\/\/www.piotrp.com.pl\/example.com\/wp-content\/uploads\/2020\/10\/9P9062166-300x225.jpg 300w, https:\/\/www.piotrp.com.pl\/example.com\/wp-content\/uploads\/2020\/10\/9P9062166-768x576.jpg 768w\" sizes=\"auto, (max-width: 1024px) 100vw, 1024px\" \/><\/p>\n<p>Mo\u017cna te\u017c wypatrze\u0107 charakterystyczny sto\u017cek Ostrzycy. Wie\u017cyce skalne s\u0105 te\u017c doskona\u0142ym miejscem wspinaczkowym. Poprowadzonych jest tu kilkadziesi\u0105t zr\u00f3\u017cnicowanych tras dla mi\u0142o\u015bnik\u00f3w wspinaczki. U podn\u00f3\u017ca ska\u0142 \u00a0jest miejsce na odpoczynek i palenisko dla amator\u00f3w pieczonych kie\u0142basek, z kt\u00f3rego z przyjemno\u015bci\u0105 korzystamy.<\/p>\n<p><img loading=\"lazy\" decoding=\"async\" class=\"aligncenter size-full wp-image-4464\" src=\"http:\/\/www.piotrp45pl.sisco.pl\/example.com\/wp-content\/uploads\/2020\/10\/9P9062172.jpg\" alt=\"\" width=\"1024\" height=\"768\" srcset=\"https:\/\/www.piotrp.com.pl\/example.com\/wp-content\/uploads\/2020\/10\/9P9062172.jpg 1024w, https:\/\/www.piotrp.com.pl\/example.com\/wp-content\/uploads\/2020\/10\/9P9062172-300x225.jpg 300w, https:\/\/www.piotrp.com.pl\/example.com\/wp-content\/uploads\/2020\/10\/9P9062172-768x576.jpg 768w\" sizes=\"auto, (max-width: 1024px) 100vw, 1024px\" \/><\/p>\n<p>Historia tego miejsca jest do\u015b\u0107 ciekawa. I tak jak teren Rozdro\u017ca Izerskiego by\u0142 zagospodarowany, tak i to miejsce t\u0119tni\u0142o \u017cyciem. Sta\u0142a tu kiedy\u015b gospoda i wie\u017ca widokowa. I tak jak pisa\u0142em wcze\u015bniej stare poczt\u00f3wki daj\u0105 nam ju\u017c tylko mo\u017cliwo\u015b\u0107 zobaczenia nieistniej\u0105cych budowli i miejsc opisanych w r\u00f3\u017cnych publikacjach.<\/p>\n<p><img loading=\"lazy\" decoding=\"async\" class=\"aligncenter size-full wp-image-4468\" src=\"http:\/\/www.piotrp45pl.sisco.pl\/example.com\/wp-content\/uploads\/2020\/10\/Bobrowe_Skaly_Piechowice_4254443.jpg\" alt=\"\" width=\"1390\" height=\"900\" srcset=\"https:\/\/www.piotrp.com.pl\/example.com\/wp-content\/uploads\/2020\/10\/Bobrowe_Skaly_Piechowice_4254443.jpg 1390w, https:\/\/www.piotrp.com.pl\/example.com\/wp-content\/uploads\/2020\/10\/Bobrowe_Skaly_Piechowice_4254443-300x194.jpg 300w, https:\/\/www.piotrp.com.pl\/example.com\/wp-content\/uploads\/2020\/10\/Bobrowe_Skaly_Piechowice_4254443-1024x663.jpg 1024w, https:\/\/www.piotrp.com.pl\/example.com\/wp-content\/uploads\/2020\/10\/Bobrowe_Skaly_Piechowice_4254443-768x497.jpg 768w\" sizes=\"auto, (max-width: 1390px) 100vw, 1390px\" \/><\/p>\n<p><img loading=\"lazy\" decoding=\"async\" class=\"aligncenter size-full wp-image-4469\" src=\"http:\/\/www.piotrp45pl.sisco.pl\/example.com\/wp-content\/uploads\/2020\/10\/Bobrowe_Skaly_Piechowice_4324143-e1602439961269.jpg\" alt=\"\" width=\"1482\" height=\"931\" srcset=\"https:\/\/www.piotrp.com.pl\/example.com\/wp-content\/uploads\/2020\/10\/Bobrowe_Skaly_Piechowice_4324143-e1602439961269.jpg 1482w, https:\/\/www.piotrp.com.pl\/example.com\/wp-content\/uploads\/2020\/10\/Bobrowe_Skaly_Piechowice_4324143-e1602439961269-300x188.jpg 300w, https:\/\/www.piotrp.com.pl\/example.com\/wp-content\/uploads\/2020\/10\/Bobrowe_Skaly_Piechowice_4324143-e1602439961269-1024x643.jpg 1024w, https:\/\/www.piotrp.com.pl\/example.com\/wp-content\/uploads\/2020\/10\/Bobrowe_Skaly_Piechowice_4324143-e1602439961269-768x482.jpg 768w\" sizes=\"auto, (max-width: 1482px) 100vw, 1482px\" \/><\/p>\n<p><img loading=\"lazy\" decoding=\"async\" class=\"aligncenter size-full wp-image-4465\" src=\"http:\/\/www.piotrp45pl.sisco.pl\/example.com\/wp-content\/uploads\/2020\/10\/9P9062175.jpg\" alt=\"\" width=\"1024\" height=\"768\" srcset=\"https:\/\/www.piotrp.com.pl\/example.com\/wp-content\/uploads\/2020\/10\/9P9062175.jpg 1024w, https:\/\/www.piotrp.com.pl\/example.com\/wp-content\/uploads\/2020\/10\/9P9062175-300x225.jpg 300w, https:\/\/www.piotrp.com.pl\/example.com\/wp-content\/uploads\/2020\/10\/9P9062175-768x576.jpg 768w\" sizes=\"auto, (max-width: 1024px) 100vw, 1024px\" \/><\/p>\n<p>Rozpalamy ognisko i z przyjemno\u015bci\u0105 zjadamy kie\u0142baski. Czeka nas ju\u017c tylko kilkukilometrowy powr\u00f3t zielonymi znakami do samochodu. Fajna wycieczka w dobrym towarzystwie to mile sp\u0119dzony dzie\u0144. Musz\u0119 napisa\u0107, \u017ce ma\u0142ym mankamentem przedreptanej trasy jest brak tablic informacyjnych opisuj\u0105cych ciekawe miejsca na szlaku. Do zobaczenia na kolejnej wycieczce.<\/p>\n","protected":false},"excerpt":{"rendered":"<p>Od bardzo dawna chcieli\u015bmy z Dorotk\u0105 przej\u015b\u0107 ca\u0142y Grzbiet Kamienicki. Problem polega\u0142 na tym, \u017ce\u00a0 nie mogli\u015bmy znale\u017a\u0107 w godzinach rannych po\u0142\u0105czenia z Piechowic do \u015awieradowa lub odwrotnie. Godziny w jakich je\u017adzi &#8222;uboga&#8221; komunikacja miejska mi\u0119dzy tymi miasteczkami ni jak nam nie pasowa\u0142y. Dopiero, gdy na jednym ze wsp\u00f3lnych wypad\u00f3w zaproponowali\u015bmy Robertowi przej\u015bcie wspomnianego grzbietu [&hellip;]<\/p>\n","protected":false},"author":1,"featured_media":0,"comment_status":"open","ping_status":"open","sticky":false,"template":"","format":"standard","meta":{"footnotes":""},"categories":[3,100],"tags":[22,104,23],"class_list":{"0":"post-4700","1":"post","2":"type-post","3":"status-publish","4":"format-standard","6":"category-gory","7":"category-sudety-wedrowki-2020","8":"tag-gory","9":"tag-gory-izerskie","10":"tag-sudety","11":"czr-hentry"},"_links":{"self":[{"href":"https:\/\/www.piotrp.com.pl\/example.com\/wp-json\/wp\/v2\/posts\/4700","targetHints":{"allow":["GET"]}}],"collection":[{"href":"https:\/\/www.piotrp.com.pl\/example.com\/wp-json\/wp\/v2\/posts"}],"about":[{"href":"https:\/\/www.piotrp.com.pl\/example.com\/wp-json\/wp\/v2\/types\/post"}],"author":[{"embeddable":true,"href":"https:\/\/www.piotrp.com.pl\/example.com\/wp-json\/wp\/v2\/users\/1"}],"replies":[{"embeddable":true,"href":"https:\/\/www.piotrp.com.pl\/example.com\/wp-json\/wp\/v2\/comments?post=4700"}],"version-history":[{"count":2,"href":"https:\/\/www.piotrp.com.pl\/example.com\/wp-json\/wp\/v2\/posts\/4700\/revisions"}],"predecessor-version":[{"id":4702,"href":"https:\/\/www.piotrp.com.pl\/example.com\/wp-json\/wp\/v2\/posts\/4700\/revisions\/4702"}],"wp:attachment":[{"href":"https:\/\/www.piotrp.com.pl\/example.com\/wp-json\/wp\/v2\/media?parent=4700"}],"wp:term":[{"taxonomy":"category","embeddable":true,"href":"https:\/\/www.piotrp.com.pl\/example.com\/wp-json\/wp\/v2\/categories?post=4700"},{"taxonomy":"post_tag","embeddable":true,"href":"https:\/\/www.piotrp.com.pl\/example.com\/wp-json\/wp\/v2\/tags?post=4700"}],"curies":[{"name":"wp","href":"https:\/\/api.w.org\/{rel}","templated":true}]}}